{"id":1,"date":"2014-10-08T21:13:04","date_gmt":"2014-10-08T21:13:04","guid":{"rendered":"http:\/\/localhost\/?p=1"},"modified":"2024-05-13T14:18:07","modified_gmt":"2024-05-13T14:18:07","slug":"hallo-welt","status":"publish","type":"post","link":"https:\/\/marmormuseum.adnet.at\/?p=1","title":{"rendered":"Marmormuseum erh\u00e4lt Museumsg\u00fctesiegel"},"content":{"rendered":"<p style=\"text-align: justify;\"><strong>Eine Fachjury aus Museumsexperten hat dem Marmormuseum Adnet das \u00d6sterreichische Museumsg\u00fctesiegel bis 2019 zuerkannt.\u00a0<\/strong><\/p>\n<div id=\"attachment_550\" style=\"width: 262px\" class=\"wp-caption aligncenter\"><a href=\"https:\/\/marmormuseum.adnet.at\/wp-content\/uploads\/2011\/10\/gc3bctesiegel_logo.jpg\"><img loading=\"lazy\" decoding=\"async\" aria-describedby=\"caption-attachment-550\" class=\" wp-image-550\" alt=\"Verleihung\" src=\"https:\/\/marmormuseum.adnet.at\/wp-content\/uploads\/2011\/10\/gc3bctesiegel_logo.jpg\" width=\"252\" height=\"253\" srcset=\"https:\/\/marmormuseum.adnet.at\/wp-content\/uploads\/2011\/10\/gc3bctesiegel_logo.jpg 472w, https:\/\/marmormuseum.adnet.at\/wp-content\/uploads\/2011\/10\/gc3bctesiegel_logo-150x150.jpg 150w, https:\/\/marmormuseum.adnet.at\/wp-content\/uploads\/2011\/10\/gc3bctesiegel_logo-298x300.jpg 298w, https:\/\/marmormuseum.adnet.at\/wp-content\/uploads\/2011\/10\/gc3bctesiegel_logo-110x110.jpg 110w\" sizes=\"auto, (max-width: 252px) 100vw, 252px\" \/><\/a><p id=\"caption-attachment-550\" class=\"wp-caption-text\">Museumg\u00fctesiegel<\/p><\/div>\n<p style=\"text-align: justify;\">Im Rahmen des \u00f6sterreichischen Museumstages in Bregenz fand am 10. Oktober 2014 die j\u00e4hrliche Verleihung des \u00d6sterreichischen Museumsg\u00fctesiegels statt. Eva Knaus-Reinecker vom Marmormuseum Adnet nahm das G\u00fctesiegel stellvertretend f\u00fcr das engagierte Team des Museums entgegen.<\/p>\n<p style=\"text-align: justify;\">Das \u00f6sterreichische Museumsg\u00fctesiegel weist besonders ausgezeichnete Museumsarbeit aus und wird gemeinsam von den beiden Verb\u00e4nden ICOM \u00d6sterreich und Museumsbund \u00d6sterreich vergeben. Das nach internationalen Standards definierte Museumsg\u00fctesiegel ist Anerkennung f\u00fcr die bisher geleistete Museumsarbeit und klarer Auftrag f\u00fcr die Zukunft. Dazu Juryvorsitzender WoIfgang Meigh\u00f6rner: \u201eDas Museumsg\u00fctesiegel ist ein international als vorbildlich anerkanntes Instrument zur Qualit\u00e4tssicherung im Museumswesen.<\/p>\n<p style=\"text-align: justify;\">Dieses Jahr haben wir eine besonders gro\u00dfe Anzahl von Neueinreichungen: 51 Museen haben sich um das G\u00fctesiegel beworben. Nach intensiver Begutachtung und Pr\u00fcfung vor Ort konnten wir 40 Einrichtungen das G\u00fctesiegel bis 2019 verleihen. Dass 11 Bewerbungen abschl\u00e4gig beschieden wurden, macht deutlich, dass die Messlatte hoch liegt. Das ist gut und wichtig, um den Wert des G\u00fctesiegels auch k\u00fcnftig in<br \/>\nunser aller Interesse und vor allem im Interesse der Besucherinnen und Besucher auf hohem Niveau zu halten.\u201c<\/p>\n<div id=\"attachment_552\" style=\"width: 613px\" class=\"wp-caption aligncenter\"><a href=\"https:\/\/marmormuseum.adnet.at\/wp-content\/uploads\/2011\/10\/Museumsg\u00fctesiegelverleihung.jpg\"><img loading=\"lazy\" decoding=\"async\" aria-describedby=\"caption-attachment-552\" class=\"size-large wp-image-552 \" title=\"Award\" alt=\"Award\" src=\"https:\/\/marmormuseum.adnet.at\/wp-content\/uploads\/2011\/10\/Museumsg\u00fctesiegelverleihung-1024x912.jpg\" width=\"603\" height=\"537\" srcset=\"https:\/\/marmormuseum.adnet.at\/wp-content\/uploads\/2011\/10\/Museumsg\u00fctesiegelverleihung-1024x912.jpg 1024w, https:\/\/marmormuseum.adnet.at\/wp-content\/uploads\/2011\/10\/Museumsg\u00fctesiegelverleihung-300x267.jpg 300w, https:\/\/marmormuseum.adnet.at\/wp-content\/uploads\/2011\/10\/Museumsg\u00fctesiegelverleihung.jpg 1437w\" sizes=\"auto, (max-width: 603px) 100vw, 603px\" \/><\/a><p id=\"caption-attachment-552\" class=\"wp-caption-text\">Wolfgang Meigh\u00f6rner, Tiroler Landesmuseen, Innsbruck, Eva Knaus-Reinecker,  Wolfgang Muchitsch, Udo Wiesinger, Museum Arbeitswelt, Steyr.<\/p><\/div>\n","protected":false},"excerpt":{"rendered":"<p>Eine Fachjury aus Museumsexperten hat dem Marmormuseum Adnet das \u00d6sterreichische Museumsg\u00fctesiegel bis 2019 zuerkannt.\u00a0 Im Rahmen des \u00f6sterreichischen Museumstages in Bregenz fand am 10. Oktober 2014 die j\u00e4hrliche Verleihung des \u00d6sterreichischen Museumsg\u00fctesiegels statt. Eva Knaus-Reinecker vom Marmormuseum Adnet nahm das G\u00fctesiegel stellvertretend f\u00fcr das engagierte Team des Museums entgegen. Das \u00f6sterreichische Museumsg\u00fctesiegel weist besonders ausgezeichnete [&hellip;]<\/p>\n","protected":false},"author":2,"featured_media":0,"comment_status":"closed","ping_status":"closed","sticky":false,"template":"","format":"standard","meta":{"ngg_post_thumbnail":0,"footnotes":""},"categories":[7],"tags":[],"class_list":["post-1","post","type-post","status-publish","format-standard","hentry","category-news"],"_links":{"self":[{"href":"https:\/\/marmormuseum.adnet.at\/index.php?rest_route=\/wp\/v2\/posts\/1","targetHints":{"allow":["GET"]}}],"collection":[{"href":"https:\/\/marmormuseum.adnet.at\/index.php?rest_route=\/wp\/v2\/posts"}],"about":[{"href":"https:\/\/marmormuseum.adnet.at\/index.php?rest_route=\/wp\/v2\/types\/post"}],"author":[{"embeddable":true,"href":"https:\/\/marmormuseum.adnet.at\/index.php?rest_route=\/wp\/v2\/users\/2"}],"replies":[{"embeddable":true,"href":"https:\/\/marmormuseum.adnet.at\/index.php?rest_route=%2Fwp%2Fv2%2Fcomments&post=1"}],"version-history":[{"count":12,"href":"https:\/\/marmormuseum.adnet.at\/index.php?rest_route=\/wp\/v2\/posts\/1\/revisions"}],"predecessor-version":[{"id":1054,"href":"https:\/\/marmormuseum.adnet.at\/index.php?rest_route=\/wp\/v2\/posts\/1\/revisions\/1054"}],"wp:attachment":[{"href":"https:\/\/marmormuseum.adnet.at\/index.php?rest_route=%2Fwp%2Fv2%2Fmedia&parent=1"}],"wp:term":[{"taxonomy":"category","embeddable":true,"href":"https:\/\/marmormuseum.adnet.at\/index.php?rest_route=%2Fwp%2Fv2%2Fcategories&post=1"},{"taxonomy":"post_tag","embeddable":true,"href":"https:\/\/marmormuseum.adnet.at\/index.php?rest_route=%2Fwp%2Fv2%2Ftags&post=1"}],"curies":[{"name":"wp","href":"https:\/\/api.w.org\/{rel}","templated":true}]}}